{"id":25926,"date":"2023-11-24T00:38:46","date_gmt":"2023-11-23T23:38:46","guid":{"rendered":"https:\/\/arbrea-labs.com\/?p=25926"},"modified":"2025-11-27T23:25:34","modified_gmt":"2025-11-27T22:25:34","slug":"warum-arbrea-labs-auf-den-black-friday-verzichtet","status":"publish","type":"post","link":"https:\/\/arbrea-labs.com\/de\/why-arbrea-labs-opts-out-of-black-friday\/","title":{"rendered":"Warum Arbrea Labs auf den Schwarzen Freitag verzichtet"},"content":{"rendered":"<p>In einer Welt, in der der Schwarze Freitag zum Synonym f\u00fcr riesige Ausverk\u00e4ufe und unschlagbare Rabatte geworden ist, <strong>Arbrea Labs verzichtet ausnahmsweise auf die Teilnahme an diesem j\u00e4hrlichen Einkaufsspektakel<\/strong>. Bei dieser bewussten Entscheidung geht es nicht nur darum, auf den Rummel der Gesch\u00e4fte zu verzichten, sondern sie spiegelt auch unser Engagement f\u00fcr ethische Grunds\u00e4tze im Bereich der plastischen Chirurgie und der \u00e4sthetischen Medizin wider.<\/p>\n<h2>Schwarzer Freitag: Bed\u00fcrfnis oder FOMO?<\/h2>\n<p>Das Spektakel des Schwarzen Freitags wirft eine entscheidende Frage auf: Geht es um die Befriedigung echter Bed\u00fcrfnisse oder um die Angst, etwas zu verpassen (FOMO)? Im Rausch der Preissenkungen ist der Drang zum Kauf oft <strong>\u00fcberschattet die tats\u00e4chliche Notwendigkeit der Produkte<\/strong> oder angebotene Dienstleistungen. Diese Feststellung hat tiefgreifende Auswirkungen, insbesondere in Bereichen wie der plastischen Chirurgie und der \u00e4sthetischen Medizin.<\/p>\n<p>F\u00fcr Arbrea Labs sind die Entscheidungen, die in diesen Bereichen getroffen werden, von entscheidender Bedeutung und haben direkte Auswirkungen auf das Leben der Menschen. Unsere Entscheidung, auf den Black Friday zu verzichten, hat nicht nur mit der Ablehnung von Rabatten zu tun. <strong>bewusste Entscheidung<\/strong> die darin besteht, zielgerichteten Fortschritten Vorrang vor fl\u00fcchtigen Versuchungen zu geben.<\/p>\n<h2>Patientenzentriertes Engagement<\/h2>\n<p>Bei der plastischen Chirurgie und der \u00e4sthetischen Medizin geht es um eine <strong>patientenzentrierter Ansatz<\/strong>Wir legen Wert auf Patientensicherheit, Wohlbefinden und ethische Praktiken. Unsere Haltung gegen den Schwarzen Freitag steht im Einklang mit diesem Ethos. Anstatt Ressourcen f\u00fcr einmalige Preisnachl\u00e4sse zu verwenden, investieren wir in Forschung, Entwicklung und die Verbesserung unserer <a href=\"https:\/\/arbrea-labs.com\/de\/was-wir-bauen\/\">AR- und 3D-Simulatoren<\/a>.<\/p>\n<p>Unser Engagement liegt in <strong>Verbesserung der Patientengespr\u00e4che<\/strong>, <a href=\"https:\/\/arbrea-labs.com\/de\/dr-otavio-maximino-uber-die-bedeutung-der-korperanalyse-bei-brustvergroserungen\/\">Verfeinerung der chirurgischen Planung<\/a>und letztlich bessere Ergebnisse zu erzielen. Diese Verpflichtung zur kontinuierlichen Verbesserung hat Vorrang vor der Teilnahme an verkaufsorientierten Veranstaltungen.<\/p>\n<h2>Qualit\u00e4t vor Quantit\u00e4t<\/h2>\n<p>Die Essenz von <a href=\"https:\/\/www.instagram.com\/arbrealabs\/\">Schwarzer Freitag<\/a> oft auf hohe Verkaufszahlen und schnelle Transaktionen. Doch bei Arbrea Labs, <strong>wir geben der Qualit\u00e4t den Vorrang vor der Quantit\u00e4t<\/strong>. Wir konzentrieren uns nach wie vor darauf, qualitativ hochwertige Produkte und Dienstleistungen zu liefern, die einen echten Mehrwert f\u00fcr die Praxis der plastischen Chirurgen darstellen.<\/p>\n<p>Anstatt uns auf einen Wettlauf um schnelle Ums\u00e4tze einzulassen, konzentrieren wir uns auf die Entwicklung und Bereitstellung innovativer Instrumente, die Spitzenleistungen in diesem Bereich f\u00f6rdern. Diese <strong>Engagement f\u00fcr Qualit\u00e4t<\/strong> geht weit \u00fcber die vor\u00fcbergehenden Verlockungen der Black Friday-Rabatte hinaus.<\/p>\n<h2>Aufrechterhaltung ethischer Standards<\/h2>\n<p>Die <strong>ethische Normen<\/strong> Die Regeln der plastischen Chirurgie und der \u00e4sthetischen Medizin sind nicht verhandelbar. Auch wenn der \"Black Friday\" zu impulsiven K\u00e4ufen anregt und kommerziellen Gewinnen Vorrang einr\u00e4umt, steht Arbrea Labs fest zu seinem Engagement f\u00fcr verantwortungsvolle Entscheidungen in der Branche.<\/p>\n<p>Unser Ethos dreht sich um ethische \u00dcberlegungen, das Wohl der Patienten und <strong>F\u00f6rderung einer Kultur der verantwortungsvollen Innovation<\/strong>. Dieses unersch\u00fctterliche Engagement bildet die Grundlage unserer T\u00e4tigkeit und ersetzt den fl\u00fcchtigen Charakter umsatzorientierter Veranstaltungen.<\/p>\n<h2>Bef\u00e4higung durch Bildung<\/h2>\n<p>Anstatt sich auf Preisnachl\u00e4sse zu konzentrieren, investiert Arbrea Labs in <strong>Bildungsinitiativen<\/strong>. Wir stellen Ressourcen und Werkzeuge zur Verf\u00fcgung, die es plastischen Chirurgen erm\u00f6glichen, mit den neuesten technologischen Fortschritten Schritt zu halten.<\/p>\n<p>Unser Ziel ist es <strong>kontinuierliches Lernen zu f\u00f6rdern<\/strong> und die berufliche Entwicklung innerhalb der Branche. Dieser Ansatz zielt darauf ab, Fachkr\u00e4fte mit dem Wissen und den F\u00e4higkeiten auszustatten, die f\u00fcr eine optimale Patientenversorgung erforderlich sind, die \u00fcber die kurzfristige Attraktivit\u00e4t von Black-Friday-Rabatten hinausgeht.<\/p>\n<h2>Aufbau dauerhafter Beziehungen<\/h2>\n<p>Arbrea Labs legt gro\u00dfen Wert auf die Pflege dauerhafter Beziehungen zu seiner Kundschaft. Unser Ziel ist es <strong>Vertrauen und Glaubw\u00fcrdigkeit schaffen<\/strong> durch die konsequente Bereitstellung innovativer L\u00f6sungen und unersch\u00fctterlicher Unterst\u00fctzung, wobei wir dauerhafte Partnerschaften \u00fcber vor\u00fcbergehende Verkaufszyklen stellen.<\/p>\n<p>Unsere Entscheidung, dem Schwarzen Freitag fernzubleiben, ist keine Ablehnung der Veranstaltung selbst. Sie ist Ausdruck unseres Engagements f\u00fcr ethische Standards und die Priorisierung von <strong>langfristiges, nachhaltiges Wachstum<\/strong> im Bereich der \u00e4sthetischen Medizin.<\/p>\n<p>Zusammenfassend l\u00e4sst sich sagen, dass wir bei Arbrea Labs unser Engagement f\u00fcr ethische \u00c4sthetik \u00fcber die Verlockungen des Black Friday hinaus beibehalten. Wir laden plastische Chirurgen und Praktiker dazu ein <strong>Begleiten Sie uns auf dieser Reise<\/strong>wo Innovation, ethische Praktiken und das Wohl der Patienten Vorrang vor fl\u00fcchtigen Rabatten haben.<\/p>","protected":false},"excerpt":{"rendered":"<p>In einer Welt, in der der Schwarze Freitag zum Synonym f\u00fcr riesige Ausverk\u00e4ufe und unschlagbare Rabatte geworden ist, hebt sich Arbrea Labs mit seiner Entscheidung, auf die Teilnahme...<\/p>","protected":false},"author":3,"featured_media":25929,"comment_status":"closed","ping_status":"closed","sticky":false,"template":"","format":"standard","meta":{"footnotes":""},"categories":[699,307],"tags":[],"class_list":["post-25926","post","type-post","status-publish","format-standard","has-post-thumbnail","category-black-friday","category-innovation-and-future"],"yoast_head":"<!-- This site is optimized with the Yoast SEO Premium plugin v27.3 (Yoast SEO v27.5) - https:\/\/yoast.com\/product\/yoast-seo-premium-wordpress\/ -->\n<title>Why Arbrea Labs Opts Out of Black Friday - Arbrea Labs<\/title>\n<meta name=\"description\" content=\"Arbrea Labs stands apart in its decision to forgo participation in Black Friday. This intentional choice is a reflection of our commitment.\" \/>\n<meta name=\"robots\" content=\"index, follow, max-snippet:-1, max-image-preview:large, max-video-preview:-1\" \/>\n<link rel=\"canonical\" href=\"https:\/\/arbrea-labs.com\/de\/warum-arbrea-labs-auf-den-black-friday-verzichtet\/\" \/>\n<meta property=\"og:locale\" content=\"de_DE\" \/>\n<meta property=\"og:type\" content=\"article\" \/>\n<meta property=\"og:title\" content=\"Why Arbrea Labs Opts Out of Black Friday\" \/>\n<meta property=\"og:description\" content=\"Arbrea Labs stands apart in its decision to forgo participation in Black Friday. This intentional choice is a reflection of our commitment.\" \/>\n<meta property=\"og:url\" content=\"https:\/\/arbrea-labs.com\/de\/warum-arbrea-labs-auf-den-black-friday-verzichtet\/\" \/>\n<meta property=\"og:site_name\" content=\"Arbrea Labs\" \/>\n<meta property=\"article:publisher\" content=\"https:\/\/www.facebook.com\/arbrealabs\" \/>\n<meta property=\"article:published_time\" content=\"2023-11-23T23:38:46+00:00\" \/>\n<meta property=\"article:modified_time\" content=\"2025-11-27T22:25:34+00:00\" \/>\n<meta property=\"og:image\" content=\"https:\/\/arbrea-labs.com\/wp-content\/uploads\/2023\/11\/Add-a-heading-Facebook-Post.png\" \/>\n\t<meta property=\"og:image:width\" content=\"1920\" \/>\n\t<meta property=\"og:image:height\" content=\"1080\" \/>\n\t<meta property=\"og:image:type\" content=\"image\/png\" \/>\n<meta name=\"author\" content=\"Selene Cabibbo\" \/>\n<meta name=\"twitter:card\" content=\"summary_large_image\" \/>\n<meta name=\"twitter:label1\" content=\"Verfasst von\" \/>\n\t<meta name=\"twitter:data1\" content=\"Selene Cabibbo\" \/>\n\t<meta name=\"twitter:label2\" content=\"Gesch\u00e4tzte Lesezeit\" \/>\n\t<meta name=\"twitter:data2\" content=\"3\u00a0Minuten\" \/>\n<script type=\"application\/ld+json\" class=\"yoast-schema-graph\">{\"@context\":\"https:\\\/\\\/schema.org\",\"@graph\":[{\"@type\":\"Article\",\"@id\":\"https:\\\/\\\/arbrea-labs.com\\\/why-arbrea-labs-opts-out-of-black-friday\\\/#article\",\"isPartOf\":{\"@id\":\"https:\\\/\\\/arbrea-labs.com\\\/why-arbrea-labs-opts-out-of-black-friday\\\/\"},\"author\":{\"name\":\"Selene Cabibbo\",\"@id\":\"https:\\\/\\\/arbrea-labs.com\\\/#\\\/schema\\\/person\\\/016c4a63167f71667e28da2b91c9e25d\"},\"headline\":\"Why Arbrea Labs Opts Out of Black Friday\",\"datePublished\":\"2023-11-23T23:38:46+00:00\",\"dateModified\":\"2025-11-27T22:25:34+00:00\",\"mainEntityOfPage\":{\"@id\":\"https:\\\/\\\/arbrea-labs.com\\\/why-arbrea-labs-opts-out-of-black-friday\\\/\"},\"wordCount\":584,\"publisher\":{\"@id\":\"https:\\\/\\\/arbrea-labs.com\\\/#organization\"},\"image\":{\"@id\":\"https:\\\/\\\/arbrea-labs.com\\\/why-arbrea-labs-opts-out-of-black-friday\\\/#primaryimage\"},\"thumbnailUrl\":\"https:\\\/\\\/arbrea-labs.com\\\/wp-content\\\/uploads\\\/2023\\\/11\\\/Add-a-heading-Facebook-Post.png\",\"articleSection\":[\"Black Friday\",\"Innovation and Future\"],\"inLanguage\":\"de\"},{\"@type\":\"WebPage\",\"@id\":\"https:\\\/\\\/arbrea-labs.com\\\/why-arbrea-labs-opts-out-of-black-friday\\\/\",\"url\":\"https:\\\/\\\/arbrea-labs.com\\\/why-arbrea-labs-opts-out-of-black-friday\\\/\",\"name\":\"Why Arbrea Labs Opts Out of Black Friday - Arbrea Labs\",\"isPartOf\":{\"@id\":\"https:\\\/\\\/arbrea-labs.com\\\/#website\"},\"primaryImageOfPage\":{\"@id\":\"https:\\\/\\\/arbrea-labs.com\\\/why-arbrea-labs-opts-out-of-black-friday\\\/#primaryimage\"},\"image\":{\"@id\":\"https:\\\/\\\/arbrea-labs.com\\\/why-arbrea-labs-opts-out-of-black-friday\\\/#primaryimage\"},\"thumbnailUrl\":\"https:\\\/\\\/arbrea-labs.com\\\/wp-content\\\/uploads\\\/2023\\\/11\\\/Add-a-heading-Facebook-Post.png\",\"datePublished\":\"2023-11-23T23:38:46+00:00\",\"dateModified\":\"2025-11-27T22:25:34+00:00\",\"description\":\"Arbrea Labs stands apart in its decision to forgo participation in Black Friday. This intentional choice is a reflection of our commitment.\",\"breadcrumb\":{\"@id\":\"https:\\\/\\\/arbrea-labs.com\\\/why-arbrea-labs-opts-out-of-black-friday\\\/#breadcrumb\"},\"inLanguage\":\"de\",\"potentialAction\":[{\"@type\":\"ReadAction\",\"target\":[\"https:\\\/\\\/arbrea-labs.com\\\/why-arbrea-labs-opts-out-of-black-friday\\\/\"]}]},{\"@type\":\"ImageObject\",\"inLanguage\":\"de\",\"@id\":\"https:\\\/\\\/arbrea-labs.com\\\/why-arbrea-labs-opts-out-of-black-friday\\\/#primaryimage\",\"url\":\"https:\\\/\\\/arbrea-labs.com\\\/wp-content\\\/uploads\\\/2023\\\/11\\\/Add-a-heading-Facebook-Post.png\",\"contentUrl\":\"https:\\\/\\\/arbrea-labs.com\\\/wp-content\\\/uploads\\\/2023\\\/11\\\/Add-a-heading-Facebook-Post.png\",\"width\":1920,\"height\":1080},{\"@type\":\"BreadcrumbList\",\"@id\":\"https:\\\/\\\/arbrea-labs.com\\\/why-arbrea-labs-opts-out-of-black-friday\\\/#breadcrumb\",\"itemListElement\":[{\"@type\":\"ListItem\",\"position\":1,\"name\":\"Home\",\"item\":\"https:\\\/\\\/arbrea-labs.com\\\/\"},{\"@type\":\"ListItem\",\"position\":2,\"name\":\"Why Arbrea Labs Opts Out of Black Friday\"}]},{\"@type\":\"WebSite\",\"@id\":\"https:\\\/\\\/arbrea-labs.com\\\/#website\",\"url\":\"https:\\\/\\\/arbrea-labs.com\\\/\",\"name\":\"Arbrea Labs\",\"description\":\"Augmented Reality &amp; 3D Solutions for Aesthetics\",\"publisher\":{\"@id\":\"https:\\\/\\\/arbrea-labs.com\\\/#organization\"},\"alternateName\":\"Arbrea\",\"potentialAction\":[{\"@type\":\"SearchAction\",\"target\":{\"@type\":\"EntryPoint\",\"urlTemplate\":\"https:\\\/\\\/arbrea-labs.com\\\/?s={search_term_string}\"},\"query-input\":{\"@type\":\"PropertyValueSpecification\",\"valueRequired\":true,\"valueName\":\"search_term_string\"}}],\"inLanguage\":\"de\"},{\"@type\":\"Organization\",\"@id\":\"https:\\\/\\\/arbrea-labs.com\\\/#organization\",\"name\":\"Arbrea Labs\",\"alternateName\":\"Arbrea\",\"url\":\"https:\\\/\\\/arbrea-labs.com\\\/\",\"logo\":{\"@type\":\"ImageObject\",\"inLanguage\":\"de\",\"@id\":\"https:\\\/\\\/arbrea-labs.com\\\/#\\\/schema\\\/logo\\\/image\\\/\",\"url\":\"https:\\\/\\\/arbrea-labs.com\\\/wp-content\\\/uploads\\\/2022\\\/01\\\/logo_arbrea_LABS-01-1-e1641392734450.png\",\"contentUrl\":\"https:\\\/\\\/arbrea-labs.com\\\/wp-content\\\/uploads\\\/2022\\\/01\\\/logo_arbrea_LABS-01-1-e1641392734450.png\",\"width\":2000,\"height\":750,\"caption\":\"Arbrea Labs\"},\"image\":{\"@id\":\"https:\\\/\\\/arbrea-labs.com\\\/#\\\/schema\\\/logo\\\/image\\\/\"},\"sameAs\":[\"https:\\\/\\\/www.facebook.com\\\/arbrealabs\",\"https:\\\/\\\/www.instagram.com\\\/arbrealabs\\\/\",\"https:\\\/\\\/www.linkedin.com\\\/company\\\/arbrea-labs-ag\\\/\",\"https:\\\/\\\/www.youtube.com\\\/channel\\\/UCbHN9gofXJv8rMAHcAguTcg\"],\"description\":\"Arbrea Labs leads the way in blending advanced AI technology with personalized healthcare. Our fast, simple and safe Augmented Reality & 3D simulators optimize consultations, saving time and enhancing patient education. Meanwhile, our AR-driven marketing booster enhances patient journeys, maximizing marketing ROI and fostering efficient lead generation. Join us as we shape the future of aesthetic healthcare.\",\"email\":\"info@arbrea-labs.com\",\"legalName\":\"Arbrea Labs AG\",\"foundingDate\":\"2018-03-04\",\"vatID\":\"CHE-292.633.177\",\"numberOfEmployees\":{\"@type\":\"QuantitativeValue\",\"minValue\":\"11\",\"maxValue\":\"50\"}},{\"@type\":\"Person\",\"@id\":\"https:\\\/\\\/arbrea-labs.com\\\/#\\\/schema\\\/person\\\/016c4a63167f71667e28da2b91c9e25d\",\"name\":\"Selene Cabibbo\",\"description\":\"Selene Cabibbo is the Marketing Manager at Arbrea Labs, specializing in driving growth through innovative marketing strategies. With a strong focus on promoting AR and 3D simulation technologies for plastic surgery, she is dedicated to elevating the brand's presence and connecting with audiences worldwide.\",\"sameAs\":[\"http:\\\/\\\/arbrea-labs.com\",\"https:\\\/\\\/www.linkedin.com\\\/in\\\/selene-cabibbo\\\/\"],\"knowsAbout\":[\"Copywriting\",\"Marketing strategy\",\"Digital Marketing\",\"Healthcare Marketing\",\"Medical Aesthetic Marketing\",\"Plastic Surgery Marketing\",\"SEO\",\"Social Media Management\"],\"knowsLanguage\":[\"Italian\",\"English\",\"Spanish\"],\"jobTitle\":\"Marketing Manager\",\"url\":\"https:\\\/\\\/arbrea-labs.com\\\/de\\\/author\\\/d2eea4cfe95a969b\\\/\"}]}<\/script>\n<!-- \/ Yoast SEO Premium plugin. -->","yoast_head_json":{"title":"Warum Arbrea Labs auf den Schwarzen Freitag verzichtet - Arbrea Labs","description":"Arbrea Labs unterscheidet sich von anderen Anbietern durch seine Entscheidung, sich nicht am Schwarzen Freitag zu beteiligen. Diese bewusste Entscheidung ist ein Ausdruck unseres Engagements.","robots":{"index":"index","follow":"follow","max-snippet":"max-snippet:-1","max-image-preview":"max-image-preview:large","max-video-preview":"max-video-preview:-1"},"canonical":"https:\/\/arbrea-labs.com\/de\/warum-arbrea-labs-auf-den-black-friday-verzichtet\/","og_locale":"de_DE","og_type":"article","og_title":"Why Arbrea Labs Opts Out of Black Friday","og_description":"Arbrea Labs stands apart in its decision to forgo participation in Black Friday. This intentional choice is a reflection of our commitment.","og_url":"https:\/\/arbrea-labs.com\/de\/warum-arbrea-labs-auf-den-black-friday-verzichtet\/","og_site_name":"Arbrea Labs","article_publisher":"https:\/\/www.facebook.com\/arbrealabs","article_published_time":"2023-11-23T23:38:46+00:00","article_modified_time":"2025-11-27T22:25:34+00:00","og_image":[{"width":1920,"height":1080,"url":"https:\/\/arbrea-labs.com\/wp-content\/uploads\/2023\/11\/Add-a-heading-Facebook-Post.png","type":"image\/png"}],"author":"Selene Cabibbo","twitter_card":"summary_large_image","twitter_misc":{"Verfasst von":"Selene Cabibbo","Gesch\u00e4tzte Lesezeit":"3\u00a0Minuten"},"schema":{"@context":"https:\/\/schema.org","@graph":[{"@type":"Article","@id":"https:\/\/arbrea-labs.com\/why-arbrea-labs-opts-out-of-black-friday\/#article","isPartOf":{"@id":"https:\/\/arbrea-labs.com\/why-arbrea-labs-opts-out-of-black-friday\/"},"author":{"name":"Selene Cabibbo","@id":"https:\/\/arbrea-labs.com\/#\/schema\/person\/016c4a63167f71667e28da2b91c9e25d"},"headline":"Why Arbrea Labs Opts Out of Black Friday","datePublished":"2023-11-23T23:38:46+00:00","dateModified":"2025-11-27T22:25:34+00:00","mainEntityOfPage":{"@id":"https:\/\/arbrea-labs.com\/why-arbrea-labs-opts-out-of-black-friday\/"},"wordCount":584,"publisher":{"@id":"https:\/\/arbrea-labs.com\/#organization"},"image":{"@id":"https:\/\/arbrea-labs.com\/why-arbrea-labs-opts-out-of-black-friday\/#primaryimage"},"thumbnailUrl":"https:\/\/arbrea-labs.com\/wp-content\/uploads\/2023\/11\/Add-a-heading-Facebook-Post.png","articleSection":["Black Friday","Innovation and Future"],"inLanguage":"de"},{"@type":"WebPage","@id":"https:\/\/arbrea-labs.com\/why-arbrea-labs-opts-out-of-black-friday\/","url":"https:\/\/arbrea-labs.com\/why-arbrea-labs-opts-out-of-black-friday\/","name":"Warum Arbrea Labs auf den Schwarzen Freitag verzichtet - Arbrea Labs","isPartOf":{"@id":"https:\/\/arbrea-labs.com\/#website"},"primaryImageOfPage":{"@id":"https:\/\/arbrea-labs.com\/why-arbrea-labs-opts-out-of-black-friday\/#primaryimage"},"image":{"@id":"https:\/\/arbrea-labs.com\/why-arbrea-labs-opts-out-of-black-friday\/#primaryimage"},"thumbnailUrl":"https:\/\/arbrea-labs.com\/wp-content\/uploads\/2023\/11\/Add-a-heading-Facebook-Post.png","datePublished":"2023-11-23T23:38:46+00:00","dateModified":"2025-11-27T22:25:34+00:00","description":"Arbrea Labs unterscheidet sich von anderen Anbietern durch seine Entscheidung, sich nicht am Schwarzen Freitag zu beteiligen. Diese bewusste Entscheidung ist ein Ausdruck unseres Engagements.","breadcrumb":{"@id":"https:\/\/arbrea-labs.com\/why-arbrea-labs-opts-out-of-black-friday\/#breadcrumb"},"inLanguage":"de","potentialAction":[{"@type":"ReadAction","target":["https:\/\/arbrea-labs.com\/why-arbrea-labs-opts-out-of-black-friday\/"]}]},{"@type":"ImageObject","inLanguage":"de","@id":"https:\/\/arbrea-labs.com\/why-arbrea-labs-opts-out-of-black-friday\/#primaryimage","url":"https:\/\/arbrea-labs.com\/wp-content\/uploads\/2023\/11\/Add-a-heading-Facebook-Post.png","contentUrl":"https:\/\/arbrea-labs.com\/wp-content\/uploads\/2023\/11\/Add-a-heading-Facebook-Post.png","width":1920,"height":1080},{"@type":"BreadcrumbList","@id":"https:\/\/arbrea-labs.com\/why-arbrea-labs-opts-out-of-black-friday\/#breadcrumb","itemListElement":[{"@type":"ListItem","position":1,"name":"Home","item":"https:\/\/arbrea-labs.com\/"},{"@type":"ListItem","position":2,"name":"Why Arbrea Labs Opts Out of Black Friday"}]},{"@type":"WebSite","@id":"https:\/\/arbrea-labs.com\/#website","url":"https:\/\/arbrea-labs.com\/","name":"Arbrea-Labore","description":"Augmented Reality &amp; 3D-L\u00f6sungen f\u00fcr die \u00c4sthetik","publisher":{"@id":"https:\/\/arbrea-labs.com\/#organization"},"alternateName":"Arbrea","potentialAction":[{"@type":"SearchAction","target":{"@type":"EntryPoint","urlTemplate":"https:\/\/arbrea-labs.com\/?s={search_term_string}"},"query-input":{"@type":"PropertyValueSpecification","valueRequired":true,"valueName":"search_term_string"}}],"inLanguage":"de"},{"@type":"Organization","@id":"https:\/\/arbrea-labs.com\/#organization","name":"Arbrea-Labore","alternateName":"Arbrea","url":"https:\/\/arbrea-labs.com\/","logo":{"@type":"ImageObject","inLanguage":"de","@id":"https:\/\/arbrea-labs.com\/#\/schema\/logo\/image\/","url":"https:\/\/arbrea-labs.com\/wp-content\/uploads\/2022\/01\/logo_arbrea_LABS-01-1-e1641392734450.png","contentUrl":"https:\/\/arbrea-labs.com\/wp-content\/uploads\/2022\/01\/logo_arbrea_LABS-01-1-e1641392734450.png","width":2000,"height":750,"caption":"Arbrea Labs"},"image":{"@id":"https:\/\/arbrea-labs.com\/#\/schema\/logo\/image\/"},"sameAs":["https:\/\/www.facebook.com\/arbrealabs","https:\/\/www.instagram.com\/arbrealabs\/","https:\/\/www.linkedin.com\/company\/arbrea-labs-ag\/","https:\/\/www.youtube.com\/channel\/UCbHN9gofXJv8rMAHcAguTcg"],"description":"Arbrea Labs ist f\u00fchrend in der Verbindung von fortschrittlicher KI-Technologie mit personalisierter Medizin. Unsere schnellen, einfachen und sicheren Augmented Reality- und 3D-Simulatoren optimieren Beratungsgespr\u00e4che, sparen Zeit und verbessern die Patientenaufkl\u00e4rung. Gleichzeitig verbessert unser AR-gesteuerter Marketing-Booster die Patientenreise, maximiert den Marketing-ROI und f\u00f6rdert die effiziente Lead-Generierung. Gestalten Sie mit uns die Zukunft der \u00e4sthetischen Medizin.","email":"info@arbrea-labs.com","legalName":"Arbrea Labs AG","foundingDate":"2018-03-04","vatID":"CHE-292.633.177","numberOfEmployees":{"@type":"QuantitativeValue","minValue":"11","maxValue":"50"}},{"@type":"Person","@id":"https:\/\/arbrea-labs.com\/#\/schema\/person\/016c4a63167f71667e28da2b91c9e25d","name":"Selene Cabibbo","description":"Selene Cabibbo ist Marketing Managerin bei Arbrea Labs und darauf spezialisiert, das Wachstum durch innovative Marketingstrategien zu f\u00f6rdern. Mit einem starken Fokus auf die F\u00f6rderung von AR- und 3D-Simulationstechnologien f\u00fcr die plastische Chirurgie widmet sie sich der Steigerung der Markenpr\u00e4senz und der Kontaktaufnahme mit Zielgruppen weltweit.","sameAs":["http:\/\/arbrea-labs.com","https:\/\/www.linkedin.com\/in\/selene-cabibbo\/"],"knowsAbout":["Copywriting","Marketing strategy","Digital Marketing","Healthcare Marketing","Medical Aesthetic Marketing","Plastic Surgery Marketing","SEO","Social Media Management"],"knowsLanguage":["Italian","English","Spanish"],"jobTitle":"Marketing Manager","url":"https:\/\/arbrea-labs.com\/de\/author\/d2eea4cfe95a969b\/"}]}},"_links":{"self":[{"href":"https:\/\/arbrea-labs.com\/de\/wp-json\/wp\/v2\/posts\/25926","targetHints":{"allow":["GET"]}}],"collection":[{"href":"https:\/\/arbrea-labs.com\/de\/wp-json\/wp\/v2\/posts"}],"about":[{"href":"https:\/\/arbrea-labs.com\/de\/wp-json\/wp\/v2\/types\/post"}],"author":[{"embeddable":true,"href":"https:\/\/arbrea-labs.com\/de\/wp-json\/wp\/v2\/users\/3"}],"replies":[{"embeddable":true,"href":"https:\/\/arbrea-labs.com\/de\/wp-json\/wp\/v2\/comments?post=25926"}],"version-history":[{"count":0,"href":"https:\/\/arbrea-labs.com\/de\/wp-json\/wp\/v2\/posts\/25926\/revisions"}],"wp:featuredmedia":[{"embeddable":true,"href":"https:\/\/arbrea-labs.com\/de\/wp-json\/wp\/v2\/media\/25929"}],"wp:attachment":[{"href":"https:\/\/arbrea-labs.com\/de\/wp-json\/wp\/v2\/media?parent=25926"}],"wp:term":[{"taxonomy":"category","embeddable":true,"href":"https:\/\/arbrea-labs.com\/de\/wp-json\/wp\/v2\/categories?post=25926"},{"taxonomy":"post_tag","embeddable":true,"href":"https:\/\/arbrea-labs.com\/de\/wp-json\/wp\/v2\/tags?post=25926"}],"curies":[{"name":"wp","href":"https:\/\/api.w.org\/{rel}","templated":true}]}}